{"id":856,"date":"2025-04-27T10:38:00","date_gmt":"2025-04-27T08:38:00","guid":{"rendered":"https:\/\/revuerechercherenseignement.net\/?p=856"},"modified":"2025-10-17T11:11:58","modified_gmt":"2025-10-17T09:11:58","slug":"premier-numero-de-la-revue-2022-hiver","status":"publish","type":"post","link":"https:\/\/revuerechercherenseignement.net\/index.php\/2025\/04\/27\/premier-numero-de-la-revue-2022-hiver\/","title":{"rendered":"Revue de Recherche sur le Renseignement &#8211; Tome 1, avril 2025"},"content":{"rendered":"\t\t<div data-elementor-type=\"wp-post\" data-elementor-id=\"856\" class=\"elementor elementor-856\" data-elementor-post-type=\"post\">\n\t\t\t\t<div class=\"elementor-element elementor-element-6431579 e-flex e-con-boxed e-con e-parent\" data-id=\"6431579\" data-element_type=\"container\" data-e-type=\"container\">\n\t\t\t\t\t<div class=\"e-con-inner\">\n\t\t\t\t<div class=\"elementor-element elementor-element-587f084 elementor-widget__width-initial elementor-widget elementor-widget-image\" data-id=\"587f084\" data-element_type=\"widget\" data-e-type=\"widget\" data-widget_type=\"image.default\">\n\t\t\t\t<div class=\"elementor-widget-container\">\n\t\t\t\t\t\t\t\t\t\t\t\t\t\t\t<img decoding=\"async\" src=\"http:\/\/revuerechercherenseignement.net\/wp-content\/uploads\/2024\/02\/RRR-numero-1-first-page-7.pdf\" title=\"\" alt=\"\" loading=\"lazy\" \/>\t\t\t\t\t\t\t\t\t\t\t\t\t\t\t<\/div>\n\t\t\t\t<\/div>\n\t\t\t\t<div class=\"elementor-element elementor-element-2efc235 elementor-widget elementor-widget-heading\" data-id=\"2efc235\" data-element_type=\"widget\" data-e-type=\"widget\" data-widget_type=\"heading.default\">\n\t\t\t\t<div class=\"elementor-widget-container\">\n\t\t\t\t\t<h2 class=\"elementor-heading-title elementor-size-default\">Les femmes dans le renseignement <\/h2>\t\t\t\t<\/div>\n\t\t\t\t<\/div>\n\t\t\t\t\t<\/div>\n\t\t\t\t<\/div>\n\t\t<div class=\"elementor-element elementor-element-20d766b e-flex e-con-boxed e-con e-parent\" data-id=\"20d766b\" data-element_type=\"container\" data-e-type=\"container\">\n\t\t\t\t\t<div class=\"e-con-inner\">\n\t\t\t\t<div class=\"elementor-element elementor-element-56c0097 elementor-widget elementor-widget-text-editor\" data-id=\"56c0097\" data-element_type=\"widget\" data-e-type=\"widget\" data-widget_type=\"text-editor.default\">\n\t\t\t\t<div class=\"elementor-widget-container\">\n\t\t\t\t\t\t\t\t\t<p class=\"p1\"><b>Ce tout premier num\u00e9ro de la Revue de recherche sur le renseignement nous plonge dans l\u2019univers fascinant des \u00ab <\/b><b>femmes espions \u00bb et nous fait d\u00e9couvrir comment celles-ci ont <\/b><b>marqu\u00e9 l\u2019histoire du renseignement \u00e0 travers des articles de fond <\/b><b>tr\u00e8s document\u00e9s, des portraits saisissants, mais aussi de <\/b><b>nombreux autres dossiers.<\/b><\/p><p class=\"p1\">Les diff\u00e9rents chercheurs et auteurs de cette revue proposent <b>une analyse \u00e0 la fois des m\u00e9canismes de l\u2019engagement f\u00e9minin, des <\/b><b>facteurs historiques de ce basculement, ainsi que des enjeux <\/b><b>d\u2019un renseignement au f\u00e9minin en \u00e9mergence.<\/b> Sans omettre l\u2019exploration des clich\u00e9s tenaces dont les \u00ab femmes espions \u00bb font l\u2019objet de longue date. Les portraits de figures marquantes, telles qu\u2019Etta Palm (R\u00e9volution fran\u00e7aise), Louise de Bettignies (Premi\u00e8re Guerre mondiale), Lydia Oswald ou Jeanne Georgel (Seconde Guerre mondiale), donnent chair \u00e0 ces r\u00e9flexions et \u00e0 cet espionnage au f\u00e9minin tout aussi riche que complexe.<\/p><p class=\"p1\">Dans le prolongement de ce<b> <\/b>dossier, d\u2019autres \u00e9tudes prennent pour cadre <b>la Belgique et la France occup\u00e9es durant la Premi\u00e8re puis la Seconde Guerres mondiales<\/b> et analysent les r\u00f4les et places des femmes au sein des polices secr\u00e8tes allemandes durant la Grande Guerre et l\u2019engagement des femmes dans les r\u00e9seaux de renseignement durant le second conflit.<\/p><p class=\"p1\">Enfin, dans le \u00ab Carnet de recherche \u00bb, un auteur s\u2019interroge sur ce qu\u2019il en est et ce qu\u2019il advient du <b>secret d\u2019\u00c9tat dans les archives publiques<\/b> tandis que dans \u00ab L\u2019Actualit\u00e9 d\u2019hier \u00bb, c\u2019est <b>le <\/b><b>renseignement fran\u00e7ais \u00e0 Lyon sous l\u2019Occupation<\/b> qui fait l\u2019objet d\u2019une \u00e9tude approfondie.<\/p>\t\t\t\t\t\t\t\t<\/div>\n\t\t\t\t<\/div>\n\t\t\t\t<div class=\"elementor-element elementor-element-466efdb elementor-widget elementor-widget-image\" data-id=\"466efdb\" data-element_type=\"widget\" data-e-type=\"widget\" data-widget_type=\"image.default\">\n\t\t\t\t<div class=\"elementor-widget-container\">\n\t\t\t\t\t\t\t\t\t\t\t\t\t\t\t\t<a href=\"https:\/\/www.mareuil-editions.com\/product-page\/revue-de-recherche-sur-le-renseignement-n-1\">\n\t\t\t\t\t\t\t<img fetchpriority=\"high\" decoding=\"async\" width=\"430\" height=\"530\" src=\"https:\/\/revuerechercherenseignement.net\/wp-content\/uploads\/2024\/02\/image.png\" class=\"attachment-large size-large wp-image-1240\" alt=\"\" srcset=\"https:\/\/revuerechercherenseignement.net\/wp-content\/uploads\/2024\/02\/image.png 430w, https:\/\/revuerechercherenseignement.net\/wp-content\/uploads\/2024\/02\/image-243x300.png 243w\" sizes=\"(max-width: 430px) 100vw, 430px\" \/>\t\t\t\t\t\t\t\t<\/a>\n\t\t\t\t\t\t\t\t\t\t\t\t\t\t\t<\/div>\n\t\t\t\t<\/div>\n\t\t\t\t\t<\/div>\n\t\t\t\t<\/div>\n\t\t<div class=\"elementor-element elementor-element-06bd339 e-flex e-con-boxed e-con e-parent\" data-id=\"06bd339\" data-element_type=\"container\" data-e-type=\"container\">\n\t\t\t\t\t<div class=\"e-con-inner\">\n\t\t\t\t\t<\/div>\n\t\t\t\t<\/div>\n\t\t<div class=\"elementor-element elementor-element-b3dc93b e-flex e-con-boxed e-con e-parent\" data-id=\"b3dc93b\" data-element_type=\"container\" data-e-type=\"container\">\n\t\t\t\t\t<div class=\"e-con-inner\">\n\t\t\t\t\t<\/div>\n\t\t\t\t<\/div>\n\t\t<div class=\"elementor-element elementor-element-23dc847 e-flex e-con-boxed e-con e-parent\" data-id=\"23dc847\" data-element_type=\"container\" data-e-type=\"container\">\n\t\t\t\t\t<div class=\"e-con-inner\">\n\t\t\t\t\t<\/div>\n\t\t\t\t<\/div>\n\t\t<div class=\"elementor-element elementor-element-02fa0fa e-flex e-con-boxed e-con e-parent\" data-id=\"02fa0fa\" data-element_type=\"container\" data-e-type=\"container\">\n\t\t\t\t\t<div class=\"e-con-inner\">\n\t\t\t\t<div class=\"elementor-element elementor-element-e0318a2 elementor-widget elementor-widget-text-editor\" data-id=\"e0318a2\" data-element_type=\"widget\" data-e-type=\"widget\" data-widget_type=\"text-editor.default\">\n\t\t\t\t<div class=\"elementor-widget-container\">\n\t\t\t\t\t\t\t\t\t<p class=\"p1\"><b>SOMMAIRE DU DOSSIER<\/b><\/p><p class=\"p1\">1. G\u00e9rald Arboit<b>, <\/b><b><i>Etta Palm, une espionne hollandaise entre Paris et La Haye<\/i><\/b><b>\u2026 <\/b><br \/>Renseignement \u00e0 la cour de Louis XVI et pendant la R\u00e9volution<\/p><p class=\"p1\">2. Olivier Lahaye, <b><i>1870-1918, vers une reconnaissance du r\u00f4le de l\u2019espionne en France ?<\/i><\/b><\/p><p class=\"p1\">3. Emmanuel Debruyne, <b><i>Une \u00ab guerre des femmes \u00bb ?<\/i><\/b><i> L\u2019engagement f\u00e9minin dans les r\u00e9seaux de renseignement en Belgique et en France occup\u00e9es<\/i><\/p><p class=\"p1\">4. Chantal Antier, <b><i>Louise de Bettignies, une femme dans le renseignement pendant la Grande Guerre<\/i><\/b><\/p><p class=\"p1\">5. \u00c9lise Rezs\u00f6hazy, <b><i>Les r\u00f4les et places des femmes au sein des polices secr\u00e8tes allemandes en Belgique et en France occup\u00e9es durant la Premi\u00e8re Guerre mondiale<\/i><\/b><\/p><p class=\"p1\">6. Fabien Lostec, <b><i>Lydia Oswald, espionne de grande envergure ou \u00ab mince cha\u00eenon \u00bb de l\u2019espionnage nazi ?<\/i><\/b><\/p><p class=\"p1\">7. Simon R\u00e9my, <b><i>Jeanne Georgel, une Fran\u00e7aise au service de l\u2019Allemagne<\/i><\/b><\/p>\t\t\t\t\t\t\t\t<\/div>\n\t\t\t\t<\/div>\n\t\t\t\t\t<\/div>\n\t\t\t\t<\/div>\n\t\t\t\t<\/div>\n\t\t","protected":false},"excerpt":{"rendered":"<p>Les femmes dans le renseignement Ce tout premier num\u00e9ro de la Revue de recherche sur le renseignement nous plonge dans l\u2019univers fascinant des \u00ab femmes espions \u00bb et nous fait d\u00e9couvrir comment celles-ci ont marqu\u00e9 l\u2019histoire du renseignement \u00e0 travers des articles de fond tr\u00e8s document\u00e9s, des portraits saisissants, mais aussi de nombreux autres dossiers. [&hellip;]<\/p>\n","protected":false},"author":2,"featured_media":0,"comment_status":"closed","ping_status":"open","sticky":false,"template":"","format":"standard","meta":{"footnotes":""},"categories":[3],"tags":[],"class_list":["post-856","post","type-post","status-publish","format-standard","hentry","category-les-revues"],"_links":{"self":[{"href":"https:\/\/revuerechercherenseignement.net\/index.php\/wp-json\/wp\/v2\/posts\/856","targetHints":{"allow":["GET"]}}],"collection":[{"href":"https:\/\/revuerechercherenseignement.net\/index.php\/wp-json\/wp\/v2\/posts"}],"about":[{"href":"https:\/\/revuerechercherenseignement.net\/index.php\/wp-json\/wp\/v2\/types\/post"}],"author":[{"embeddable":true,"href":"https:\/\/revuerechercherenseignement.net\/index.php\/wp-json\/wp\/v2\/users\/2"}],"replies":[{"embeddable":true,"href":"https:\/\/revuerechercherenseignement.net\/index.php\/wp-json\/wp\/v2\/comments?post=856"}],"version-history":[{"count":47,"href":"https:\/\/revuerechercherenseignement.net\/index.php\/wp-json\/wp\/v2\/posts\/856\/revisions"}],"predecessor-version":[{"id":1338,"href":"https:\/\/revuerechercherenseignement.net\/index.php\/wp-json\/wp\/v2\/posts\/856\/revisions\/1338"}],"wp:attachment":[{"href":"https:\/\/revuerechercherenseignement.net\/index.php\/wp-json\/wp\/v2\/media?parent=856"}],"wp:term":[{"taxonomy":"category","embeddable":true,"href":"https:\/\/revuerechercherenseignement.net\/index.php\/wp-json\/wp\/v2\/categories?post=856"},{"taxonomy":"post_tag","embeddable":true,"href":"https:\/\/revuerechercherenseignement.net\/index.php\/wp-json\/wp\/v2\/tags?post=856"}],"curies":[{"name":"wp","href":"https:\/\/api.w.org\/{rel}","templated":true}]}}